{"id":84,"date":"2016-04-12T00:21:37","date_gmt":"2016-04-12T00:21:37","guid":{"rendered":"http:\/\/www.ceresan.net.br\/?p=84"},"modified":"2017-10-18T16:16:21","modified_gmt":"2017-10-18T16:16:21","slug":"2-fortalecendo-o-papel-do-brasil-nos-espacos-internacionais-para-uma-agenda-global-pelo-direito-humano-a-alimentacao-e-a-erradicacao-da-fome-apoio-oxfam-internacional-2014-2015","status":"publish","type":"post","link":"https:\/\/www.ceresan.net.br\/fr\/2016\/04\/12\/2-fortalecendo-o-papel-do-brasil-nos-espacos-internacionais-para-uma-agenda-global-pelo-direito-humano-a-alimentacao-e-a-erradicacao-da-fome-apoio-oxfam-internacional-2014-2015\/","title":{"rendered":"Le renforcement du r\u00f4le du Br\u00e9sil dans les espaces internationaux pour un agenda global pour le Droit \u00e0 l&rsquo;alimentation et l&rsquo;\u00e9radication de la faim. le soutien d&rsquo;Oxfam International. 2014-2015."},"content":{"rendered":"<p>L&rsquo;objectif global du projet est d&rsquo;\u00e9laborer des documents d&rsquo;analyse et d&rsquo;articles scientifiques, et promouvoir des d\u00e9bats sur la coop\u00e9ration internationale Sud-Sud d\u00e9velopp\u00e9 par le Br\u00e9sil dans le domaine de l&rsquo;\u00e9radication de la faim et de la promotion de la souverainet\u00e9 alimentaire et de la s\u00e9curit\u00e9 et de la nutrition. Ses produits et activit\u00e9s visent \u00e9galement \u00e0 contribuer \u00e0 la construction de programmes d&rsquo;action communs entre les acteurs br\u00e9siliens et \u00e9trangers en vue de la participation sociale dans les politiques publiques dans ce domaine. Par cons\u00e9quent, ce plan de travail pr\u00e9voit des \u00e9tudes et des recherches, la promotion de d\u00e9bats au Br\u00e9sil et \u00e0 l&rsquo;\u00e9tranger, des visites de pays d&rsquo;Afrique et d&rsquo;Am\u00e9rique latine et d&rsquo;autres initiatives pour l&rsquo;articulation des acteurs sociaux au Br\u00e9sil et \u00e0 l&rsquo;\u00e9tranger. Les activit\u00e9s du projet sont organis\u00e9es en trois grandes lignes de travail et interd\u00e9pendants, \u00e0 savoir: g\u00e9n\u00e9ral 1.Abordagem la coop\u00e9ration br\u00e9silienne Sud-Sud dans le domaine de la Ssan et DHA; 2.Cooperaci\u00f3n br\u00e9silienne avec l&rsquo;Afrique, en particulier les pays de la CPLP; 3. \u00e9change d&rsquo;exp\u00e9riences et perspectives de la coop\u00e9ration bilat\u00e9rale avec l&rsquo;Am\u00e9rique latine et les Cara\u00efbes.<\/p>","protected":false},"excerpt":{"rendered":"<p>L&rsquo;objectif global du projet est d&rsquo;\u00e9laborer des documents d&rsquo;analyse et d&rsquo;articles scientifiques, et promouvoir des d\u00e9bats sur la coop\u00e9ration internationale Sud-Sud d\u00e9velopp\u00e9 par le Br\u00e9sil dans le domaine de l&rsquo;\u00e9radication de la faim et de la promotion de la souverainet\u00e9 alimentaire et de la s\u00e9curit\u00e9 et de la nutrition. Ses produits et activit\u00e9s visent \u00e9galement [&hellip;]<\/p>\n","protected":false},"author":1,"featured_media":0,"comment_status":"open","ping_status":"open","sticky":false,"template":"","format":"standard","meta":[],"categories":[3],"tags":[],"_links":{"self":[{"href":"https:\/\/www.ceresan.net.br\/fr\/wp-json\/wp\/v2\/posts\/84"}],"collection":[{"href":"https:\/\/www.ceresan.net.br\/fr\/wp-json\/wp\/v2\/posts"}],"about":[{"href":"https:\/\/www.ceresan.net.br\/fr\/wp-json\/wp\/v2\/types\/post"}],"author":[{"embeddable":true,"href":"https:\/\/www.ceresan.net.br\/fr\/wp-json\/wp\/v2\/users\/1"}],"replies":[{"embeddable":true,"href":"https:\/\/www.ceresan.net.br\/fr\/wp-json\/wp\/v2\/comments?post=84"}],"version-history":[{"count":9,"href":"https:\/\/www.ceresan.net.br\/fr\/wp-json\/wp\/v2\/posts\/84\/revisions"}],"predecessor-version":[{"id":298,"href":"https:\/\/www.ceresan.net.br\/fr\/wp-json\/wp\/v2\/posts\/84\/revisions\/298"}],"wp:attachment":[{"href":"https:\/\/www.ceresan.net.br\/fr\/wp-json\/wp\/v2\/media?parent=84"}],"wp:term":[{"taxonomy":"category","embeddable":true,"href":"https:\/\/www.ceresan.net.br\/fr\/wp-json\/wp\/v2\/categories?post=84"},{"taxonomy":"post_tag","embeddable":true,"href":"https:\/\/www.ceresan.net.br\/fr\/wp-json\/wp\/v2\/tags?post=84"}],"curies":[{"name":"wp","href":"https:\/\/api.w.org\/{rel}","templated":true}]}}