{"id":84,"date":"2016-04-12T00:21:37","date_gmt":"2016-04-12T00:21:37","guid":{"rendered":"http:\/\/www.ceresan.net.br\/?p=84"},"modified":"2017-10-18T16:16:21","modified_gmt":"2017-10-18T16:16:21","slug":"2-fortalecendo-o-papel-do-brasil-nos-espacos-internacionais-para-uma-agenda-global-pelo-direito-humano-a-alimentacao-e-a-erradicacao-da-fome-apoio-oxfam-internacional-2014-2015","status":"publish","type":"post","link":"https:\/\/www.ceresan.net.br\/es\/2016\/04\/12\/2-fortalecendo-o-papel-do-brasil-nos-espacos-internacionais-para-uma-agenda-global-pelo-direito-humano-a-alimentacao-e-a-erradicacao-da-fome-apoio-oxfam-internacional-2014-2015\/","title":{"rendered":"El fortalecimiento del papel de Brasil en espacios internacionales para una agenda global por el Derecho Humano a la Alimentaci\u00f3n y la erradicaci\u00f3n del hambre. el apoyo de Oxfam Internacional. 2014-2015."},"content":{"rendered":"<p><\/p>\n<div id=\"gt-c\" class=\"g-section\">\n<div id=\"gt-form-c\">\n<form id=\"gt-form\" action=\"https:\/\/translate.google.com\/\" enctype=\"application\/x-www-form-urlencoded\" method=\"post\" name=\"text_form\">\n<div id=\"gt-appbar\"><\/div>\n<div id=\"gt-text-all\">\n<div id=\"gt-main\">\n<div id=\"gt-text-c\">\n<div id=\"gt-text-top\">\n<div id=\"gt-src-c\" class=\"g-unit\">\n<div id=\"gt-src-p\">\n<div id=\"gt-src-wrap\" class=\"\">\n<div id=\"gt-src-tools\"><span title=\"O objetivo geral do projeto \u00e9 elaborar documentos anal\u00edticos e artigos acad\u00eamicos, bem como promover debates sobre a coopera\u00e7\u00e3o internacional Sul-Sul desenvolvida pelo Brasil no campo da erradica\u00e7\u00e3o da fome e da promo\u00e7\u00e3o da soberania e seguran\u00e7a alimentar e nutricional.\">El objetivo general del proyecto es el desarrollo de documentos de an\u00e1lisis y art\u00edculos acad\u00e9micos, y promover debates sobre la cooperaci\u00f3n internacional Sur-Sur desarrollado por Brasil en el campo de la erradicaci\u00f3n del hambre y la promoci\u00f3n de la soberan\u00eda alimentaria y la seguridad y la nutrici\u00f3n. <\/span><span title=\"Seus produtos e atividades visam ainda contribuir para a constru\u00e7\u00e3o de agendas de atua\u00e7\u00e3o conjunta entre os atores sociais brasileiros e estrangeiros com vistas \u00e0 participa\u00e7\u00e3o social em pol\u00edticas p\u00fablicas nesse campo.\">Sus productos y actividades tambi\u00e9n tienen como objetivo contribuir a la construcci\u00f3n de agendas de acci\u00f3n conjunta entre los actores nacionales y extranjeros con vistas a la participaci\u00f3n social en las pol\u00edticas p\u00fablicas en este campo. <\/span><span title=\"Para tanto, o presente plano de trabalho prev\u00ea a realiza\u00e7\u00e3o de estudos e pesquisas, promo\u00e7\u00e3o de debates no Brasil e no exterior, visitas a pa\u00edses da \u00c1frica e da Am\u00e9rica Latina e outras iniciativas visando a articula\u00e7\u00e3o dos atores sociais envolvidos no Brasil e no exterior.\">Por lo tanto, este plan de trabajo prev\u00e9 estudios e investigaciones, promoviendo debates en Brasil y en el extranjero, visitas a los pa\u00edses de \u00c1frica y Am\u00e9rica Latina y otras iniciativas para la articulaci\u00f3n de los actores sociales involucrados en Brasil y en el extranjero. <\/span><span title=\"As atividades do projeto se organizam em tr\u00eas linhas de trabalho principais e inter-relacionadas, a saber: 1.Abordagem geral da coopera\u00e7\u00e3o Sul-Sul brasileira no campo da SSAN e do DHA;\">Las actividades del proyecto se organizan en tres l\u00edneas principales de trabajo y est\u00e1n relacionados entre s\u00ed, a saber: en general 1.Abordagem la cooperaci\u00f3n Sur-Sur de Brasil en el \u00e1mbito de Ssan y DHA;<\/span><span title=\"2.Coopera\u00e7\u00e3o brasileira com a \u00c1frica, com destaque para os pa\u00edses da CPLP;\">2.Coopera\u00e7\u00e3o de Brasil con \u00c1frica, en particular los pa\u00edses de la CPLP; <\/span><span title=\"3. Experi\u00eancias de interc\u00e2mbio e perspectivas de coopera\u00e7\u00e3o bilateral com a Am\u00e9rica Latina e o Caribe.\">3. intercambio de experiencias y perspectivas de la cooperaci\u00f3n bilateral con Am\u00e9rica Latina y el Caribe.<\/span><\/div>\n<\/div>\n<\/div>\n<\/div>\n<div id=\"gt-res-c\" class=\"g-unit\"><\/div>\n<\/div>\n<\/div>\n<\/div>\n<\/div>\n<\/form>\n<\/div>\n<\/div>\n<div class=\"jfk-tooltip jfk-tooltip-hide\"><\/div>\n<p><\/p>","protected":false},"excerpt":{"rendered":"<p>El objetivo general del proyecto es el desarrollo de documentos de an\u00e1lisis y art\u00edculos acad\u00e9micos, y promover debates sobre la cooperaci\u00f3n internacional Sur-Sur desarrollado por Brasil en el campo de la erradicaci\u00f3n del hambre y la promoci\u00f3n de la soberan\u00eda alimentaria y la seguridad y la nutrici\u00f3n. Sus productos y actividades tambi\u00e9n tienen como objetivo [&hellip;]<\/p>\n","protected":false},"author":1,"featured_media":0,"comment_status":"open","ping_status":"open","sticky":false,"template":"","format":"standard","meta":[],"categories":[3],"tags":[],"_links":{"self":[{"href":"https:\/\/www.ceresan.net.br\/es\/wp-json\/wp\/v2\/posts\/84"}],"collection":[{"href":"https:\/\/www.ceresan.net.br\/es\/wp-json\/wp\/v2\/posts"}],"about":[{"href":"https:\/\/www.ceresan.net.br\/es\/wp-json\/wp\/v2\/types\/post"}],"author":[{"embeddable":true,"href":"https:\/\/www.ceresan.net.br\/es\/wp-json\/wp\/v2\/users\/1"}],"replies":[{"embeddable":true,"href":"https:\/\/www.ceresan.net.br\/es\/wp-json\/wp\/v2\/comments?post=84"}],"version-history":[{"count":9,"href":"https:\/\/www.ceresan.net.br\/es\/wp-json\/wp\/v2\/posts\/84\/revisions"}],"predecessor-version":[{"id":298,"href":"https:\/\/www.ceresan.net.br\/es\/wp-json\/wp\/v2\/posts\/84\/revisions\/298"}],"wp:attachment":[{"href":"https:\/\/www.ceresan.net.br\/es\/wp-json\/wp\/v2\/media?parent=84"}],"wp:term":[{"taxonomy":"category","embeddable":true,"href":"https:\/\/www.ceresan.net.br\/es\/wp-json\/wp\/v2\/categories?post=84"},{"taxonomy":"post_tag","embeddable":true,"href":"https:\/\/www.ceresan.net.br\/es\/wp-json\/wp\/v2\/tags?post=84"}],"curies":[{"name":"wp","href":"https:\/\/api.w.org\/{rel}","templated":true}]}}